{"id":1471,"date":"2026-03-29T21:47:18","date_gmt":"2026-03-30T00:47:18","guid":{"rendered":"https:\/\/sindilojascuritiba.com.br\/staging\/?p=1471"},"modified":"2026-03-31T14:19:49","modified_gmt":"2026-03-31T17:19:49","slug":"convencao-coletiva-o-que-o-lojista-precisa-saber-na-pratica","status":"publish","type":"post","link":"https:\/\/sindilojascuritiba.com.br\/staging\/convencao-coletiva-o-que-o-lojista-precisa-saber-na-pratica\/","title":{"rendered":"Conven\u00e7\u00e3o Coletiva: o que o lojista precisa saber na pr\u00e1tica"},"content":{"rendered":"<p><span style=\"font-weight: 400;\">A conven\u00e7\u00e3o coletiva de trabalho \u00e9 um instrumento fundamental para a regulamenta\u00e7\u00e3o das rela\u00e7\u00f5es entre empregadores e empregados no com\u00e9rcio varejista. Firmada entre o sindicato patronal e o sindicato dos trabalhadores, ela estabelece condi\u00e7\u00f5es espec\u00edficas que complementam a legisla\u00e7\u00e3o trabalhista, adaptando as regras gerais \u00e0 realidade de cada categoria. Para o lojista, compreender e aplicar corretamente essas disposi\u00e7\u00f5es n\u00e3o \u00e9 apenas uma obriga\u00e7\u00e3o legal, mas uma medida essencial para garantir seguran\u00e7a jur\u00eddica e evitar passivos trabalhistas.<\/span><\/p>\n<p><span style=\"font-weight: 400;\">A conven\u00e7\u00e3o coletiva possui car\u00e1ter obrigat\u00f3rio e deve ser cumprida por todas as empresas que integram a categoria econ\u00f4mica representada, independentemente de filia\u00e7\u00e3o ao sindicato. Entre os principais pontos regulamentados est\u00e3o o piso salarial da categoria, os crit\u00e9rios de reajuste de sal\u00e1rios, a jornada de trabalho, as regras para funcionamento em feriados, al\u00e9m da concess\u00e3o de benef\u00edcios e eventuais contribui\u00e7\u00f5es estabelecidas em negocia\u00e7\u00e3o coletiva.<\/span><\/p>\n<p><span style=\"font-weight: 400;\">Na pr\u00e1tica, o impacto da conven\u00e7\u00e3o coletiva no dia a dia do lojista \u00e9 significativo. O piso salarial, por exemplo, determina o valor m\u00ednimo a ser pago aos colaboradores, enquanto os reajustes salariais seguem par\u00e2metros definidos conforme a data-base da categoria. J\u00e1 a jornada de trabalho pode incluir regras espec\u00edficas sobre compensa\u00e7\u00e3o de horas, banco de horas e escalas diferenciadas. Outro aspecto relevante diz respeito ao funcionamento do com\u00e9rcio em feriados, que costuma exigir o cumprimento de condi\u00e7\u00f5es espec\u00edficas, como pagamento adicional ou concess\u00e3o de folgas compensat\u00f3rias, conforme previsto nas cl\u00e1usulas acordadas.<\/span><\/p>\n<p><span style=\"font-weight: 400;\">Al\u00e9m disso, a conven\u00e7\u00e3o coletiva pode prever benef\u00edcios obrigat\u00f3rios, como aux\u00edlios ou gratifica\u00e7\u00f5es, que devem ser incorporados \u00e0 rotina da empresa. Tamb\u00e9m \u00e9 comum a exist\u00eancia de contribui\u00e7\u00f5es assistenciais ou negociais.\u00a0<\/span><\/p>\n<p><span style=\"font-weight: 400;\">Outro ponto que exige aten\u00e7\u00e3o \u00e9 a necessidade de acompanhar as atualiza\u00e7\u00f5es peri\u00f3dicas da conven\u00e7\u00e3o coletiva. Em geral, esse instrumento \u00e9 revisado anualmente, podendo sofrer altera\u00e7\u00f5es que impactam diretamente as obriga\u00e7\u00f5es do lojista. A falta de atualiza\u00e7\u00e3o pode levar a erros na aplica\u00e7\u00e3o das regras, comprometendo a regularidade da empresa e aumentando os riscos jur\u00eddicos.<\/span><\/p>\n<p><span style=\"font-weight: 400;\">Nesse contexto, o papel do sindicato patronal \u00e9 essencial. Al\u00e9m de atuar na negocia\u00e7\u00e3o das condi\u00e7\u00f5es que ser\u00e3o aplicadas \u00e0 categoria, a entidade tamb\u00e9m oferece suporte aos empres\u00e1rios, auxiliando na interpreta\u00e7\u00e3o das cl\u00e1usulas e na adequa\u00e7\u00e3o das pr\u00e1ticas internas \u00e0s exig\u00eancias legais. Esse acompanhamento \u00e9 especialmente importante diante da complexidade das normas e das constantes mudan\u00e7as no ambiente regulat\u00f3rio.<\/span><\/p>\n<p><span style=\"font-weight: 400;\">\u00a0A conven\u00e7\u00e3o coletiva deve ser compreendida como um instrumento estrat\u00e9gico para a gest\u00e3o do neg\u00f3cio. O seu cumprimento contribui para a organiza\u00e7\u00e3o das rela\u00e7\u00f5es de trabalho, a redu\u00e7\u00e3o de riscos e a constru\u00e7\u00e3o de um ambiente empresarial mais seguro e equilibrado.<\/span><\/p>\n","protected":false},"excerpt":{"rendered":"<p>A conven\u00e7\u00e3o coletiva de trabalho \u00e9 um instrumento fundamental para a regulamenta\u00e7\u00e3o das rela\u00e7\u00f5es entre empregadores e empregados no com\u00e9rcio [&hellip;]<\/p>\n","protected":false},"author":3,"featured_media":1553,"comment_status":"open","ping_status":"open","sticky":false,"template":"","format":"standard","meta":{"site-sidebar-layout":"default","site-content-layout":"","ast-site-content-layout":"default","site-content-style":"default","site-sidebar-style":"default","ast-global-header-display":"","ast-banner-title-visibility":"","ast-main-header-display":"","ast-hfb-above-header-display":"","ast-hfb-below-header-display":"","ast-hfb-mobile-header-display":"","site-post-title":"","ast-breadcrumbs-content":"","ast-featured-img":"","footer-sml-layout":"","ast-disable-related-posts":"","theme-transparent-header-meta":"default","adv-header-id-meta":"","stick-header-meta":"","header-above-stick-meta":"","header-main-stick-meta":"","header-below-stick-meta":"","astra-migrate-meta-layouts":"set","ast-page-background-enabled":"default","ast-page-background-meta":{"desktop":{"background-color":"var(--ast-global-color-5)","background-image":"","background-repeat":"repeat","background-position":"center center","background-size":"auto","background-attachment":"scroll","background-type":"","background-media":"","overlay-type":"","overlay-color":"","overlay-opacity":"","overlay-gradient":""},"tablet":{"background-color":"","background-image":"","background-repeat":"repeat","background-position":"center center","background-size":"auto","background-attachment":"scroll","background-type":"","background-media":"","overlay-type":"","overlay-color":"","overlay-opacity":"","overlay-gradient":""},"mobile":{"background-color":"","background-image":"","background-repeat":"repeat","background-position":"center center","background-size":"auto","background-attachment":"scroll","background-type":"","background-media":"","overlay-type":"","overlay-color":"","overlay-opacity":"","overlay-gradient":""}},"ast-content-background-meta":{"desktop":{"background-color":"var(--ast-global-color-4)","background-image":"","background-repeat":"repeat","background-position":"center center","background-size":"auto","background-attachment":"scroll","background-type":"","background-media":"","overlay-type":"","overlay-color":"","overlay-opacity":"","overlay-gradient":""},"tablet":{"background-color":"var(--ast-global-color-4)","background-image":"","background-repeat":"repeat","background-position":"center center","background-size":"auto","background-attachment":"scroll","background-type":"","background-media":"","overlay-type":"","overlay-color":"","overlay-opacity":"","overlay-gradient":""},"mobile":{"background-color":"var(--ast-global-color-4)","background-image":"","background-repeat":"repeat","background-position":"center center","background-size":"auto","background-attachment":"scroll","background-type":"","background-media":"","overlay-type":"","overlay-color":"","overlay-opacity":"","overlay-gradient":""}},"footnotes":""},"categories":[4],"tags":[],"class_list":["post-1471","post","type-post","status-publish","format-standard","has-post-thumbnail","hentry","category-noticias"],"_links":{"self":[{"href":"https:\/\/sindilojascuritiba.com.br\/staging\/wp-json\/wp\/v2\/posts\/1471","targetHints":{"allow":["GET"]}}],"collection":[{"href":"https:\/\/sindilojascuritiba.com.br\/staging\/wp-json\/wp\/v2\/posts"}],"about":[{"href":"https:\/\/sindilojascuritiba.com.br\/staging\/wp-json\/wp\/v2\/types\/post"}],"author":[{"embeddable":true,"href":"https:\/\/sindilojascuritiba.com.br\/staging\/wp-json\/wp\/v2\/users\/3"}],"replies":[{"embeddable":true,"href":"https:\/\/sindilojascuritiba.com.br\/staging\/wp-json\/wp\/v2\/comments?post=1471"}],"version-history":[{"count":1,"href":"https:\/\/sindilojascuritiba.com.br\/staging\/wp-json\/wp\/v2\/posts\/1471\/revisions"}],"predecessor-version":[{"id":1474,"href":"https:\/\/sindilojascuritiba.com.br\/staging\/wp-json\/wp\/v2\/posts\/1471\/revisions\/1474"}],"wp:featuredmedia":[{"embeddable":true,"href":"https:\/\/sindilojascuritiba.com.br\/staging\/wp-json\/wp\/v2\/media\/1553"}],"wp:attachment":[{"href":"https:\/\/sindilojascuritiba.com.br\/staging\/wp-json\/wp\/v2\/media?parent=1471"}],"wp:term":[{"taxonomy":"category","embeddable":true,"href":"https:\/\/sindilojascuritiba.com.br\/staging\/wp-json\/wp\/v2\/categories?post=1471"},{"taxonomy":"post_tag","embeddable":true,"href":"https:\/\/sindilojascuritiba.com.br\/staging\/wp-json\/wp\/v2\/tags?post=1471"}],"curies":[{"name":"wp","href":"https:\/\/api.w.org\/{rel}","templated":true}]}}