{"id":350,"date":"2019-11-20T22:00:20","date_gmt":"2019-11-21T01:00:20","guid":{"rendered":"https:\/\/sindilojascuritiba.com.br\/staging\/?p=350"},"modified":"2019-11-20T22:00:20","modified_gmt":"2019-11-21T01:00:20","slug":"contrato-de-trabalho-verde-e-amarelo","status":"publish","type":"post","link":"https:\/\/sindilojascuritiba.com.br\/staging\/contrato-de-trabalho-verde-e-amarelo\/","title":{"rendered":"Contrato de Trabalho Verde e Amarelo"},"content":{"rendered":"<p>Atrav\u00e9s da MP 905, o Governo Federal est\u00e1 instituindo uma modalidade de contrato de trabalho e igualmente uma pequena reforma trabalhista (CLT) para facilitar nova contrata\u00e7\u00e3o de empregados, jovens com idade entre 18 e 29 anos.<br \/>\nAtualmente, com mais de 11 milh\u00f5es de pessoas sem trabalho, a grande maioria de jovens e at\u00e9 mesmo sem qualifica\u00e7\u00e3o profissional, a MP 905 lan\u00e7a um novo modelo de contrato de trabalho, com dura\u00e7\u00e3o m\u00e1xima de vinte e quatro meses, e abre m\u00e3o de um grande percentual de encargos previdenci\u00e1rios e do FGTS, contando tamb\u00e9m com a participa\u00e7\u00e3o do empres\u00e1rio brasileiro para que torne poss\u00edvel, no m\u00ednimo, a abertura de at\u00e9 4 milhos de vagas de novos trabalhos.<\/p>\n<p>A a\u00e7\u00e3o s\u00f3 \u00e9 v\u00e1lida para NOVAS vagas de trabalho e sal\u00e1rio de at\u00e9 R$ 1.497,00 (atual)<\/p>\n<p>&#8211; A contrata\u00e7\u00e3o de jovens com idade entre 18 e 29 anos, que est\u00e3o em busca de emprego (primeiro emprego);<br \/>\n&#8211; A reintegra\u00e7\u00e3o de pessoas com necessidades especiais e\/ou em reabilita\u00e7\u00e3o;<br \/>\n&#8211; Abre a possibilidade de jornada de trabalho aos domingos e feriados, para todas as categorias;<br \/>\n&#8211; Abre um sistema de microcr\u00e9dito para pessoas de baixa renda;<br \/>\n&#8211; Desonera a folha de pagamentos (para o Contrato de Trabalho Verde e Amarelo), deixando o empregador de pagar a cota patronal do INSS (20%), as al\u00edquotas do Sistema \u201cS\u201d e do sal\u00e1rio educa\u00e7\u00e3o (representa mais 3,8%);<\/p>\n<p>Perante as obriga\u00e7\u00f5es trabalhistas e FGTS:<br \/>\n&#8211; Contribui\u00e7\u00e3o mensal do FGTS de 8% fica reduzida para 2%<br \/>\n&#8211; A multa rescis\u00f3ria do FGTS cai de 40% para 20%<br \/>\n&#8211; \u201cDecis\u00e3o em comum acordo com o novo empregado\u201d<br \/>\nI- O 13\u00ba sal\u00e1rio \u00e9 pago 01\/12 mensal e diretamente ao novo empregado;<br \/>\nII- As f\u00e9rias com adicional de 1\/3 \u00e9 pago 01\/12 mensal e diretamente ao novo empregado;<br \/>\n&#8211; O prazo do contrato de trabalho, m\u00e1ximo para cada novo empregado \u00e9 de 24 meses;<br \/>\n&#8211; A remunera\u00e7\u00e3o mensal, do novo empregado, \u00e9 no m\u00e1ximo de um sal\u00e1rio m\u00ednimo e meio (atuais R$ 1.497,00)<\/p>\n<p>FGTS, a partir de 2020 fica extinta parte da multa rescis\u00f3ria de 10% que ficava com o governo Federal.<\/p>\n<p>14\/novembro\/2019<br \/>\nArilton Portella<\/p>\n","protected":false},"excerpt":{"rendered":"<p>Atrav\u00e9s da MP 905, o Governo Federal est\u00e1 instituindo uma modalidade de contrato de trabalho e igualmente uma pequena reforma [&hellip;]<\/p>\n","protected":false},"author":2,"featured_media":351,"comment_status":"open","ping_status":"open","sticky":false,"template":"","format":"standard","meta":{"site-sidebar-layout":"default","site-content-layout":"","ast-site-content-layout":"default","site-content-style":"default","site-sidebar-style":"default","ast-global-header-display":"","ast-banner-title-visibility":"","ast-main-header-display":"","ast-hfb-above-header-display":"","ast-hfb-below-header-display":"","ast-hfb-mobile-header-display":"","site-post-title":"","ast-breadcrumbs-content":"","ast-featured-img":"","footer-sml-layout":"","ast-disable-related-posts":"","theme-transparent-header-meta":"","adv-header-id-meta":"","stick-header-meta":"","header-above-stick-meta":"","header-main-stick-meta":"","header-below-stick-meta":"","astra-migrate-meta-layouts":"default","ast-page-background-enabled":"default","ast-page-background-meta":{"desktop":{"background-color":"var(--ast-global-color-5)","background-image":"","background-repeat":"repeat","background-position":"center center","background-size":"auto","background-attachment":"scroll","background-type":"","background-media":"","overlay-type":"","overlay-color":"","overlay-opacity":"","overlay-gradient":""},"tablet":{"background-color":"","background-image":"","background-repeat":"repeat","background-position":"center center","background-size":"auto","background-attachment":"scroll","background-type":"","background-media":"","overlay-type":"","overlay-color":"","overlay-opacity":"","overlay-gradient":""},"mobile":{"background-color":"","background-image":"","background-repeat":"repeat","background-position":"center center","background-size":"auto","background-attachment":"scroll","background-type":"","background-media":"","overlay-type":"","overlay-color":"","overlay-opacity":"","overlay-gradient":""}},"ast-content-background-meta":{"desktop":{"background-color":"var(--ast-global-color-4)","background-image":"","background-repeat":"repeat","background-position":"center center","background-size":"auto","background-attachment":"scroll","background-type":"","background-media":"","overlay-type":"","overlay-color":"","overlay-opacity":"","overlay-gradient":""},"tablet":{"background-color":"var(--ast-global-color-4)","background-image":"","background-repeat":"repeat","background-position":"center center","background-size":"auto","background-attachment":"scroll","background-type":"","background-media":"","overlay-type":"","overlay-color":"","overlay-opacity":"","overlay-gradient":""},"mobile":{"background-color":"var(--ast-global-color-4)","background-image":"","background-repeat":"repeat","background-position":"center center","background-size":"auto","background-attachment":"scroll","background-type":"","background-media":"","overlay-type":"","overlay-color":"","overlay-opacity":"","overlay-gradient":""}},"footnotes":""},"categories":[4],"tags":[],"class_list":["post-350","post","type-post","status-publish","format-standard","has-post-thumbnail","hentry","category-noticias"],"_links":{"self":[{"href":"https:\/\/sindilojascuritiba.com.br\/staging\/wp-json\/wp\/v2\/posts\/350","targetHints":{"allow":["GET"]}}],"collection":[{"href":"https:\/\/sindilojascuritiba.com.br\/staging\/wp-json\/wp\/v2\/posts"}],"about":[{"href":"https:\/\/sindilojascuritiba.com.br\/staging\/wp-json\/wp\/v2\/types\/post"}],"author":[{"embeddable":true,"href":"https:\/\/sindilojascuritiba.com.br\/staging\/wp-json\/wp\/v2\/users\/2"}],"replies":[{"embeddable":true,"href":"https:\/\/sindilojascuritiba.com.br\/staging\/wp-json\/wp\/v2\/comments?post=350"}],"version-history":[{"count":2,"href":"https:\/\/sindilojascuritiba.com.br\/staging\/wp-json\/wp\/v2\/posts\/350\/revisions"}],"predecessor-version":[{"id":368,"href":"https:\/\/sindilojascuritiba.com.br\/staging\/wp-json\/wp\/v2\/posts\/350\/revisions\/368"}],"wp:featuredmedia":[{"embeddable":true,"href":"https:\/\/sindilojascuritiba.com.br\/staging\/wp-json\/wp\/v2\/media\/351"}],"wp:attachment":[{"href":"https:\/\/sindilojascuritiba.com.br\/staging\/wp-json\/wp\/v2\/media?parent=350"}],"wp:term":[{"taxonomy":"category","embeddable":true,"href":"https:\/\/sindilojascuritiba.com.br\/staging\/wp-json\/wp\/v2\/categories?post=350"},{"taxonomy":"post_tag","embeddable":true,"href":"https:\/\/sindilojascuritiba.com.br\/staging\/wp-json\/wp\/v2\/tags?post=350"}],"curies":[{"name":"wp","href":"https:\/\/api.w.org\/{rel}","templated":true}]}}