{"id":582,"date":"2025-08-01T11:41:21","date_gmt":"2025-08-01T14:41:21","guid":{"rendered":"https:\/\/sindilojascuritiba.com.br\/staging\/?p=582"},"modified":"2026-02-20T11:49:14","modified_gmt":"2026-02-20T14:49:14","slug":"convencao-coletiva-2025-2026","status":"publish","type":"post","link":"https:\/\/sindilojascuritiba.com.br\/staging\/convencao-coletiva-2025-2026\/","title":{"rendered":"CONVEN\u00c7\u00c3O COLETIVA 2025\/2026"},"content":{"rendered":"<p>O Sindilojas Curitiba informa seus associados e representados que a Conven\u00e7\u00e3o Coletiva de Trabalho 2025-2026 j\u00e1 est\u00e1 dispon\u00edvel. Voc\u00ea poder\u00e1 solicitar uma c\u00f3pia da CCT 2025-2026 no e-mail <a href=\"mailto:secretaria@sindilojascuritiba.com.br\">secretaria@sindilojascuritiba.com.br<\/a> e tamb\u00e9m via WhatsApp (41 \u2013 32223616), lembrando que nosso Sindicato \u00e9 PATRONAL, os Funcion\u00e1rios do Com\u00e9rcio devem entrar em contato com o Sindicom (41-33220811) e Lojas estabelecidas em Shoppings de Curitiba devem entrar em contato com o SindiShopping Geral (41-30750255). Segue abaixo empresas representadas pelo <strong>Sindicato dos Lojistas do Com\u00e9rcio e do Com\u00e9rcio Varejista de Maquinismos, Ferragens, Tintas, Material El\u00e9trico e Aparelhos Eletrodom\u00e9sticos de Curitiba e Regi\u00e3o Metropolitana.<\/strong><\/p>\n<p style=\"margin: 0cm; margin-bottom: .0001pt; background: #F7F6F2;\"><strong><span style=\"font-size: 9.0pt; font-family: 'Arial',sans-serif; color: black;\">GRUPO ECON\u00d4MICO &#8211; LOJISTA GERAL &#8211; SINDILOJAS<\/span><\/strong><\/p>\n<p style=\"margin: 0cm; margin-bottom: .0001pt; background: #F7F6F2; font-variant-ligatures: normal; font-variant-caps: normal; orphans: 2; text-align: start; widows: 2; -webkit-text-stroke-width: 0px; text-decoration-thickness: initial; text-decoration-style: initial; text-decoration-color: initial; word-spacing: 0px;\"><span style=\"font-size: 9.0pt; font-family: 'Arial',sans-serif; color: #333333;\">&#8211; Com\u00e9rcio varejista de artigos do vestu\u00e1rio e acess\u00f3rios;<br \/>\n&#8211; Com\u00e9rcio varejista de lingerie;<br \/>\n&#8211; Com\u00e9rcio varejista de tecidos;<br \/>\n&#8211; Com\u00e9rcio varejista de artigos de cama, mesa e banho;<br \/>\n&#8211; Lojas de departamentos ou magazines;<br \/>\n&#8211; Com\u00e9rcio varejista de m\u00f3veis para casa em geral ;<br \/>\n&#8211; Com\u00e9rcio varejista de colch\u00f5es e acolchoarias;<br \/>\n&#8211; Com\u00e9rcio varejista especializado de eletrodom\u00e9sticos e equipamentos de \u00e1udio e video ;<br \/>\n&#8211; Com\u00e9rcio varejista especializado de pe\u00e7as e acess\u00f3rios para aparelhos eletroeletr\u00f4nicos para uso dom\u00e9stico;<br \/>\n&#8211; Com\u00e9rcio varejista de outros artigos de uso pessoal e dom\u00e9stico n\u00e3o especificados;<br \/>\n&#8211; Com\u00e9rcio varejista de utens\u00edlios dom\u00e9sticos;<br \/>\n&#8211; Com\u00e9rcio varejista de Artigos e equipamentos de Inform\u00e1tica;<br \/>\n&#8211; Com\u00e9rcio varejista de artigos de Papelarias, Livraria e Escrit\u00f3rio;<br \/>\n&#8211; Com\u00e9rcio varejista de m\u00f3veis e equipamentos para escrit\u00f3rios;<br \/>\n&#8211; Com\u00e9rcio varejista de telefonia, Celulares e acess\u00f3rios;<br \/>\n&#8211; Com\u00e9rcio varejista de souvenires, bijuterias e artesanatos;<br \/>\n&#8211; Com\u00e9rcio varejista de artigos de decora\u00e7\u00e3o;<br \/>\n&#8211; Lojas de variedades &#8211; em geral;<br \/>\n&#8211; Com\u00e9rcio varejista de 1,99;<br \/>\n&#8211; Com\u00e9rcio varejista de Cosm\u00e9ticos, perfumaria e higiene pessoal;<br \/>\n&#8211; Com\u00e9rcio varejista de artigos e instrumentos musicais;<br \/>\n&#8211; Com\u00e9rcio varejista de artigos m\u00e9dicos, Ortop\u00e9dicos e odontol\u00f3gicos e hospitalares;<br \/>\n&#8211; Com\u00e9rcio varejista de bicicletas, triciclos e acess\u00f3rios;<br \/>\n&#8211; Com\u00e9rcio varejista de artigos esportivos, ca\u00e7a , pesca, camping, embarca\u00e7\u00f5es e outros ve\u00edculos recreativos;<br \/>\n&#8211; Com\u00e9rcio varejista de brinquedos e artigos recreativos;<br \/>\n&#8211; Com\u00e9rcio varejista de artigos de armarinhos;<br \/>\n&#8211; Com\u00e9rcio varejista de tape\u00e7aria, cortinas e persianas;<br \/>\n&#8211; Com\u00e9rcio varejista de maquinas de costura, partes e pe\u00e7as;<br \/>\n&#8211; Com\u00e9rcio varejista de ar condicionado;<br \/>\n&#8211; Com\u00e9rcio varejista de artigos e produtos er\u00f3ticos (sex shop);<br \/>\n&#8211; Lojas Duty Free de aeroportos internacionais;<br \/>\n&#8211; Com\u00e9rcio varejista de sebo &#8211; em geral;<br \/>\n&#8211; Com\u00e9rcio varejista de brech\u00f3 &#8211; em geral;<br \/>\n&#8211; Com\u00e9rcio varejista de artigos usados em geral;<br \/>\n&#8211; Com\u00e9rcio varejista de Produtos Saneantes Domissanit\u00e1rios;<br \/>\n&#8211; Com\u00e9rcio varejista de uniformes e produtos de seguran\u00e7a EPI ;<br \/>\n&#8211; Com\u00e9rcio varejista de artigos de viagens, bolsas e malas;<br \/>\n&#8211; Com\u00e9rcio varejista de artigos para festas (Fantasias e pain\u00e9is) ;<\/span><\/p>\n<p>&nbsp;<\/p>\n<p>Sindilojas Curitiba<\/p>\n<figure id=\"attachment_546\" aria-describedby=\"caption-attachment-546\" style=\"width: 300px\" class=\"wp-caption alignnone\"><img decoding=\"async\" class=\"size-medium wp-image-546\" src=\"https:\/\/sindilojascuritiba.com.br\/staging\/wp-content\/uploads\/2023\/08\/n_41335_fc8254a8124a99e22a4c16b53bdf7bd0-300x155.jpg\" alt=\"\" width=\"300\" height=\"155\" srcset=\"https:\/\/sindilojascuritiba.com.br\/staging\/wp-content\/uploads\/2023\/08\/n_41335_fc8254a8124a99e22a4c16b53bdf7bd0-300x155.jpg 300w, https:\/\/sindilojascuritiba.com.br\/staging\/wp-content\/uploads\/2023\/08\/n_41335_fc8254a8124a99e22a4c16b53bdf7bd0.jpg 600w\" sizes=\"(max-width: 300px) 100vw, 300px\" \/><figcaption id=\"caption-attachment-546\" class=\"wp-caption-text\">Conven\u00e7\u00e3o Coletiva 2024-2025 &#8211; ASSINADA<\/figcaption><\/figure>\n","protected":false},"excerpt":{"rendered":"<p>O Sindilojas Curitiba informa seus associados e representados que a Conven\u00e7\u00e3o Coletiva de Trabalho 2025-2026 j\u00e1 est\u00e1 dispon\u00edvel. Voc\u00ea poder\u00e1 [&hellip;]<\/p>\n","protected":false},"author":3,"featured_media":546,"comment_status":"open","ping_status":"open","sticky":false,"template":"","format":"standard","meta":{"site-sidebar-layout":"default","site-content-layout":"","ast-site-content-layout":"default","site-content-style":"default","site-sidebar-style":"default","ast-global-header-display":"","ast-banner-title-visibility":"","ast-main-header-display":"","ast-hfb-above-header-display":"","ast-hfb-below-header-display":"","ast-hfb-mobile-header-display":"","site-post-title":"","ast-breadcrumbs-content":"","ast-featured-img":"","footer-sml-layout":"","ast-disable-related-posts":"","theme-transparent-header-meta":"default","adv-header-id-meta":"","stick-header-meta":"","header-above-stick-meta":"","header-main-stick-meta":"","header-below-stick-meta":"","astra-migrate-meta-layouts":"set","ast-page-background-enabled":"default","ast-page-background-meta":{"desktop":{"background-color":"var(--ast-global-color-5)","background-image":"","background-repeat":"repeat","background-position":"center center","background-size":"auto","background-attachment":"scroll","background-type":"","background-media":"","overlay-type":"","overlay-color":"","overlay-opacity":"","overlay-gradient":""},"tablet":{"background-color":"","background-image":"","background-repeat":"repeat","background-position":"center center","background-size":"auto","background-attachment":"scroll","background-type":"","background-media":"","overlay-type":"","overlay-color":"","overlay-opacity":"","overlay-gradient":""},"mobile":{"background-color":"","background-image":"","background-repeat":"repeat","background-position":"center center","background-size":"auto","background-attachment":"scroll","background-type":"","background-media":"","overlay-type":"","overlay-color":"","overlay-opacity":"","overlay-gradient":""}},"ast-content-background-meta":{"desktop":{"background-color":"var(--ast-global-color-4)","background-image":"","background-repeat":"repeat","background-position":"center center","background-size":"auto","background-attachment":"scroll","background-type":"","background-media":"","overlay-type":"","overlay-color":"","overlay-opacity":"","overlay-gradient":""},"tablet":{"background-color":"var(--ast-global-color-4)","background-image":"","background-repeat":"repeat","background-position":"center center","background-size":"auto","background-attachment":"scroll","background-type":"","background-media":"","overlay-type":"","overlay-color":"","overlay-opacity":"","overlay-gradient":""},"mobile":{"background-color":"var(--ast-global-color-4)","background-image":"","background-repeat":"repeat","background-position":"center center","background-size":"auto","background-attachment":"scroll","background-type":"","background-media":"","overlay-type":"","overlay-color":"","overlay-opacity":"","overlay-gradient":""}},"footnotes":""},"categories":[4],"tags":[],"class_list":["post-582","post","type-post","status-publish","format-standard","has-post-thumbnail","hentry","category-noticias"],"_links":{"self":[{"href":"https:\/\/sindilojascuritiba.com.br\/staging\/wp-json\/wp\/v2\/posts\/582","targetHints":{"allow":["GET"]}}],"collection":[{"href":"https:\/\/sindilojascuritiba.com.br\/staging\/wp-json\/wp\/v2\/posts"}],"about":[{"href":"https:\/\/sindilojascuritiba.com.br\/staging\/wp-json\/wp\/v2\/types\/post"}],"author":[{"embeddable":true,"href":"https:\/\/sindilojascuritiba.com.br\/staging\/wp-json\/wp\/v2\/users\/3"}],"replies":[{"embeddable":true,"href":"https:\/\/sindilojascuritiba.com.br\/staging\/wp-json\/wp\/v2\/comments?post=582"}],"version-history":[{"count":1,"href":"https:\/\/sindilojascuritiba.com.br\/staging\/wp-json\/wp\/v2\/posts\/582\/revisions"}],"predecessor-version":[{"id":583,"href":"https:\/\/sindilojascuritiba.com.br\/staging\/wp-json\/wp\/v2\/posts\/582\/revisions\/583"}],"wp:featuredmedia":[{"embeddable":true,"href":"https:\/\/sindilojascuritiba.com.br\/staging\/wp-json\/wp\/v2\/media\/546"}],"wp:attachment":[{"href":"https:\/\/sindilojascuritiba.com.br\/staging\/wp-json\/wp\/v2\/media?parent=582"}],"wp:term":[{"taxonomy":"category","embeddable":true,"href":"https:\/\/sindilojascuritiba.com.br\/staging\/wp-json\/wp\/v2\/categories?post=582"},{"taxonomy":"post_tag","embeddable":true,"href":"https:\/\/sindilojascuritiba.com.br\/staging\/wp-json\/wp\/v2\/tags?post=582"}],"curies":[{"name":"wp","href":"https:\/\/api.w.org\/{rel}","templated":true}]}}